{"id":15101,"date":"2026-09-01T10:01:02","date_gmt":"2026-09-01T10:01:02","guid":{"rendered":"https:\/\/parentedfest.ro\/the-first-1000-days-the-foundation-for-lifelong-health\/"},"modified":"2026-09-01T10:04:01","modified_gmt":"2026-09-01T10:04:01","slug":"primele-1-000-de-zile-fundatia-pentru-sanatatea-de-mai-tarziu","status":"publish","type":"post","link":"https:\/\/parentedfest.ro\/ro\/primele-1-000-de-zile-fundatia-pentru-sanatatea-de-mai-tarziu\/","title":{"rendered":"Primele 1.000 de zile: funda\u021bia pentru s\u0103n\u0103tatea de mai t\u00e2rziu"},"content":{"rendered":"<h4><strong>Primele 1.000 de zile din via\u021ba unui copil, de la \u00eenceputul sarcinii p\u00e2n\u0103 \u00een jurul v\u00e2rstei de doi ani, sunt o perioad\u0103 esen\u021bial\u0103 pentru dezvoltarea lui. <\/strong><\/h4>\n<p>Creierul se dezvolt\u0103 \u00eentr-un ritm extraordinar, iar experien\u021bele din ace\u0219ti primi ani contribuie la funda\u021bia pentru s\u0103n\u0103tate, \u00eenv\u0103\u021bare \u0219i comportament.<\/p>\n<p>Dar c\u00e2nd vorbim despre s\u0103n\u0103tatea copilului, nu vorbim doar despre controale medicale, alimenta\u021bie sau greutate. <strong>Dezvoltarea fizic\u0103 \u0219i cea emo\u021bional\u0103 se construiesc \u00eempreun\u0103.<\/strong> Felul \u00een care copilul este \u00eengrijit, protejat \u0219i hr\u0103nit conteaz\u0103, la fel cum conteaz\u0103 \u0219i felul \u00een care adultul r\u0103spunde atunci c\u00e2nd pl\u00e2nge, se sperie sau are nevoie de ajutor pentru a se lini\u0219ti.<\/p>\n<p>Este \u0219i perspectiva din spatele conceptului de \u201e<strong>nurturing care<\/strong>\u201d, promovat de Organiza\u021bia Mondial\u0103 a S\u0103n\u0103t\u0103\u021bii: s\u0103n\u0103tatea, nutri\u021bia, siguran\u021ba, \u00eengrijirea receptiv\u0103 \u0219i oportunit\u0103\u021bile de \u00eenv\u0103\u021bare timpurie sunt p\u0103r\u021bi ale aceluia\u0219i \u00eentreg.<\/p>\n<p>\u00cen primele luni, sprijinul medical este esen\u021bial. Screeningurile, monitorizarea dezvolt\u0103rii \u0219i accesul la servicii de neonatologie \u0219i pediatrie pot face diferen\u021ba atunci c\u00e2nd apar situa\u021bii care necesit\u0103 aten\u021bie specializat\u0103. \u00cen cadrul SANADOR, \u00eengrijirea \u00eencepe \u00eenc\u0103 din perioada sarcinii \u0219i continu\u0103 dup\u0103 na\u0219tere, prin servicii medicale dedicate mamei \u0219i copilului.<\/p>\n<p>Dar <strong>grija pentru copil continu\u0103 \u0219i dincolo de cabinetul medical. Se \u00eent\u00e2mpl\u0103 \u00een fiecare zi, \u00een rela\u021bia dintre copil \u0219i p\u0103rintele s\u0103u: \u00een felul \u00een care r\u0103spundem, punem limite, oferim siguran\u021b\u0103 \u0219i \u00eel ajut\u0103m s\u0103 \u00ee\u0219i \u00een\u021beleag\u0103 emo\u021biile<\/strong>. Tocmai de aceea, merit\u0103 s\u0103 ne \u00eentreb\u0103m nu doar \u201eEste copilul meu s\u0103n\u0103tos?\u201d, ci \u0219i \u201eDe ce are nevoie pentru a se sim\u021bi \u00een siguran\u021b\u0103, \u00een\u021beles \u0219i conectat?\u201d.<\/p>\n<p>Este o conversa\u021bie care se mut\u0103 tot mai mult de la \u201ecum \u00eel fac s\u0103 se comporte?\u201d la \u201ece se \u00eent\u00e2mpl\u0103 cu el \u0219i cum pot fi eu acolo pentru el?\u201d. Iar <strong>la ParentED Fest, p\u0103rin\u021bii vor putea explora aceste \u00eentreb\u0103ri al\u0103turi de speciali\u0219ti care au schimbat felul \u00een care vorbim despre dezvoltarea copilului \u0219i rela\u021bia p\u0103rinte\u2013copil.<\/strong><\/p>\n<p><strong>Pentru prima dat\u0103 \u00een Rom\u00e2nia, Isabelle Filliozat<\/strong>, psihoterapeut\u0103, autoare \u0219i una dintre vocile importante ale parentingului bazat pe inteligen\u021b\u0103 emo\u021bional\u0103, va veni la Bucure\u0219ti pentru a vorbi despre emo\u021bii, rela\u021bii \u0219i nevoile reale ale copiilor. Filliozat are peste 40 de ani de experien\u021b\u0103 \u00een zona inteligen\u021bei emo\u021bionale \u0219i a parentalit\u0103\u021bii \u0219i a fost vicepre\u0219edinta Comisiei pentru Primele 1.000 de Zile din Fran\u021ba.<\/p>\n<p>De aceea, <strong>SANADOR \u0219i ParentED Fest continu\u0103 \u0219i \u00een 2026 o colaborare \u00eenceput\u0103 \u00eenc\u0103 de la prima edi\u021bie<\/strong>. Pe <strong>17 \u0219i 18 octombrie<\/strong>, la Aula Magna, Politehnica Bucure\u0219ti, vom aduce \u00eempreun\u0103 <strong>Isabelle Filliozat, Erica Komisar, Dr. Dan Siegel \u0219i al\u021bi exper\u021bi interna\u021bionali pentru o conversa\u021bie mai larg\u0103 despre dezvoltarea copiilor<\/strong> \u2013 de la primele rela\u021bii \u0219i reglarea emo\u021bional\u0103 p\u00e2n\u0103 la adolescen\u021b\u0103 \u0219i provoc\u0103rile lumii digitale.<\/p>\n<p>Nu pentru a le spune p\u0103rin\u021bilor cum s\u0103 fie perfec\u021bi, ci pentru a le oferi ceva mai valoros: context, informa\u021bie \u0219i instrumente care \u00eei pot ajuta s\u0103 \u00een\u021beleag\u0103 mai bine ce se \u00eent\u00e2mpl\u0103 \u00een spatele comportamentelor copiilor. Erica Komisar vorbe\u0219te despre ata\u0219ament, separare \u0219i dezvoltarea emo\u021bional\u0103 timpurie, iar Dr. Dan Siegel aduce perspectiva neuro\u0219tiin\u021bei rela\u021biilor \u0219i a dezvolt\u0103rii min\u021bii.<\/p>\n<p>Pentru c\u0103 primele 1.000 de zile nu sunt despre a face totul perfect. Sunt despre a construi, pas cu pas, funda\u021bia de care copilul are nevoie pentru a cre\u0219te s\u0103n\u0103tos \u0219i \u00een siguran\u021b\u0103.<\/p>\n<p><strong>ParentED Fest 2026 &#8211; \u00a017\u201318 octombrie &#8211; Aula Magna, Politehnica Bucure\u0219ti<\/strong><\/p>\n<p><a href=\"http:\/\/parentedfest.ro\/ro\/\">www.parentedfest.ro<\/a><\/p>\n","protected":false},"excerpt":{"rendered":"<p>Primele 1.000 de zile din via\u021ba unui copil, de la \u00eenceputul sarcinii p\u00e2n\u0103 \u00een jurul v\u00e2rstei de doi ani, sunt o perioad\u0103 esen\u021bial\u0103 pentru dezvoltarea lui. <\/p>\n","protected":false},"author":1,"featured_media":15102,"comment_status":"closed","ping_status":"closed","sticky":false,"template":"","format":"standard","meta":{"inline_featured_image":false,"footnotes":""},"categories":[22],"tags":[],"class_list":["post-15101","post","type-post","status-publish","format-standard","has-post-thumbnail","hentry","category-uncategorized-ro"],"_links":{"self":[{"href":"https:\/\/parentedfest.ro\/ro\/wp-json\/wp\/v2\/posts\/15101","targetHints":{"allow":["GET"]}}],"collection":[{"href":"https:\/\/parentedfest.ro\/ro\/wp-json\/wp\/v2\/posts"}],"about":[{"href":"https:\/\/parentedfest.ro\/ro\/wp-json\/wp\/v2\/types\/post"}],"author":[{"embeddable":true,"href":"https:\/\/parentedfest.ro\/ro\/wp-json\/wp\/v2\/users\/1"}],"replies":[{"embeddable":true,"href":"https:\/\/parentedfest.ro\/ro\/wp-json\/wp\/v2\/comments?post=15101"}],"version-history":[{"count":3,"href":"https:\/\/parentedfest.ro\/ro\/wp-json\/wp\/v2\/posts\/15101\/revisions"}],"predecessor-version":[{"id":15106,"href":"https:\/\/parentedfest.ro\/ro\/wp-json\/wp\/v2\/posts\/15101\/revisions\/15106"}],"wp:featuredmedia":[{"embeddable":true,"href":"https:\/\/parentedfest.ro\/ro\/wp-json\/wp\/v2\/media\/15102"}],"wp:attachment":[{"href":"https:\/\/parentedfest.ro\/ro\/wp-json\/wp\/v2\/media?parent=15101"}],"wp:term":[{"taxonomy":"category","embeddable":true,"href":"https:\/\/parentedfest.ro\/ro\/wp-json\/wp\/v2\/categories?post=15101"},{"taxonomy":"post_tag","embeddable":true,"href":"https:\/\/parentedfest.ro\/ro\/wp-json\/wp\/v2\/tags?post=15101"}],"curies":[{"name":"wp","href":"https:\/\/api.w.org\/{rel}","templated":true}]}}